{"id":4711,"date":"2025-04-10T23:08:25","date_gmt":"2025-04-10T21:08:25","guid":{"rendered":"https:\/\/ralfhaun.de\/blog\/?p=4711"},"modified":"2025-04-26T19:50:45","modified_gmt":"2025-04-26T17:50:45","slug":"merci-hugues-erre","status":"publish","type":"post","link":"https:\/\/ralfhaun.de\/blog\/merci-hugues-erre\/","title":{"rendered":"Merci Hugues erre"},"content":{"rendered":"<p>Ich verehre <strong>Hugues erre<\/strong>\u00a0als Fotografen und Chronisten seiner Zeit, in der er das Leben (ich meine das Leben in all seinen Facetten) mit seinem Fotoapparat, seinem Auge und seiner Empathie abgelichtet und festgehalten hat. Ich liebe seine Bilder. Sie sind Gem\u00e4lde. Ich h\u00e4tte noch so viele wunderbare Worte f\u00fcr Hugues\u2026. :-)<br \/>\nVorgestern flog mir eine Kamera (als Geschenk von Hugues erre) direkt aus Arles in einem Paket zu. Direkt in mein Atelier. Es ist eine <strong>Canon Dial 35-2<\/strong> Halbformat Kamera (mit der er auch selbst fotografiert hat).<br \/>\n<strong>Lieber Hugues<\/strong>, ich f\u00fchle mich geehrt. Du hast deine Gr\u00fcnde gehabt, mir die Kamera zu schenken. Ich frage nicht warum. Aber ich werde dir einen Brief senden.<br \/>\nIch werde die Kamera in einer professionellen Reperaturwerkstatt reparieren lassen. Der Verschluss ist m\u00fcde :) Das wird kein Problem sein. Danach werde ich mit dieser Kamera fotografieren. Darauf freue ich mich.<br \/>\nDankesch\u00f6n Hugues erre!!<br \/>\n<strong>Hugues erre:<\/strong> <a href=\"https:\/\/www.flickr.com\/photos\/interieurbleu\" target=\"_blank\" rel=\"noopener\">https:\/\/www.flickr.com\/photos\/interieurbleu<\/a><br \/>\n&#8212;<br \/>\nI admire <strong>Hugues erre<\/strong>\u00a0as a photographer and chronicler of his time, in which he has captured life (I mean life in all its facets) with his camera, his eye and his empathy. I love his pictures. They are paintings. I could go on and on with wonderful words for Hugues&#8230;. :-)<br \/>\nThe day before yesterday, a camera (as a gift from Hugues erre) flew to me directly from Arles in a package. Directly to my studio. It is a <strong>Canon Dial 35-2<\/strong> half-frame format camera (which he also used to take pictures himself).<br \/>\n<strong>Dear Hugues<\/strong>, I feel honored. You had your reasons for giving me this camera. I won&#8217;t ask why. But I will send you a letter.<br \/>\nI will have the camera repaired at a professional repair shop. The shutter is tired :) That won&#8217;t be a problem. After that, I will take pictures with this camera. I am looking forward to it.<br \/>\nThank you Hugues erre!!<br \/>\n<strong>Hugues erre:<\/strong> <a href=\"https:\/\/www.flickr.com\/photos\/interieurbleu\" target=\"_blank\" rel=\"noopener\">https:\/\/www.flickr.com\/photos\/interieurbleu<\/a><\/p>\n<p><em>ADOX Gof63 auf Kentmere 400@800 ASA \/ 2025-04-09 Selfie<\/em><br \/>\n<img loading=\"lazy\" decoding=\"async\" class=\"alignleft size-full wp-image-4712\" src=\"https:\/\/ralfhaun.de\/blog\/wp-content\/uploads\/2025\/04\/2025-04-09-0010_or.jpg\" alt=\"\" width=\"1000\" height=\"1000\" srcset=\"https:\/\/ralfhaun.de\/blog\/wp-content\/uploads\/2025\/04\/2025-04-09-0010_or.jpg 1000w, https:\/\/ralfhaun.de\/blog\/wp-content\/uploads\/2025\/04\/2025-04-09-0010_or-300x300.jpg 300w, https:\/\/ralfhaun.de\/blog\/wp-content\/uploads\/2025\/04\/2025-04-09-0010_or-150x150.jpg 150w, https:\/\/ralfhaun.de\/blog\/wp-content\/uploads\/2025\/04\/2025-04-09-0010_or-768x768.jpg 768w\" sizes=\"auto, (max-width: 1000px) 100vw, 1000px\" \/> <img loading=\"lazy\" decoding=\"async\" class=\"alignleft size-full wp-image-4713\" src=\"https:\/\/ralfhaun.de\/blog\/wp-content\/uploads\/2025\/04\/2025-04-09-0008_or.jpg\" alt=\"\" width=\"1000\" height=\"1000\" srcset=\"https:\/\/ralfhaun.de\/blog\/wp-content\/uploads\/2025\/04\/2025-04-09-0008_or.jpg 1000w, https:\/\/ralfhaun.de\/blog\/wp-content\/uploads\/2025\/04\/2025-04-09-0008_or-300x300.jpg 300w, https:\/\/ralfhaun.de\/blog\/wp-content\/uploads\/2025\/04\/2025-04-09-0008_or-150x150.jpg 150w, https:\/\/ralfhaun.de\/blog\/wp-content\/uploads\/2025\/04\/2025-04-09-0008_or-768x768.jpg 768w\" sizes=\"auto, (max-width: 1000px) 100vw, 1000px\" \/> <img loading=\"lazy\" decoding=\"async\" class=\"alignleft wp-image-4715 size-full\" src=\"https:\/\/ralfhaun.de\/blog\/wp-content\/uploads\/2025\/04\/2025-04-09-0009.jpg\" alt=\"\" width=\"1000\" height=\"1000\" srcset=\"https:\/\/ralfhaun.de\/blog\/wp-content\/uploads\/2025\/04\/2025-04-09-0009.jpg 1000w, https:\/\/ralfhaun.de\/blog\/wp-content\/uploads\/2025\/04\/2025-04-09-0009-300x300.jpg 300w, https:\/\/ralfhaun.de\/blog\/wp-content\/uploads\/2025\/04\/2025-04-09-0009-150x150.jpg 150w, https:\/\/ralfhaun.de\/blog\/wp-content\/uploads\/2025\/04\/2025-04-09-0009-768x768.jpg 768w\" sizes=\"auto, (max-width: 1000px) 100vw, 1000px\" \/><\/p>\n","protected":false},"excerpt":{"rendered":"<p>Ich verehre Hugues erre\u00a0als Fotografen und Chronisten seiner Zeit, in der er das Leben (ich meine das Leben in all seinen Facetten) mit seinem Fotoapparat, seinem Auge und seiner Empathie abgelichtet und festgehalten hat. Ich liebe seine Bilder. Sie sind Gem\u00e4lde. Ich h\u00e4tte noch so viele wunderbare Worte f\u00fcr Hugues\u2026. :-) Vorgestern flog mir eine&hellip;&nbsp;<a href=\"https:\/\/ralfhaun.de\/blog\/merci-hugues-erre\/\" rel=\"bookmark\">Weiterlesen &raquo;<span class=\"screen-reader-text\">Merci Hugues erre<\/span><\/a><\/p>\n","protected":false},"author":2,"featured_media":4716,"comment_status":"open","ping_status":"closed","sticky":false,"template":"","format":"standard","meta":{"neve_meta_sidebar":"","neve_meta_container":"","neve_meta_enable_content_width":"off","neve_meta_content_width":70,"neve_meta_title_alignment":"","neve_meta_author_avatar":"","neve_post_elements_order":"","neve_meta_disable_header":"","neve_meta_disable_footer":"","neve_meta_disable_title":"","footnotes":""},"categories":[1,327,369,90],"tags":[368,364,222,188,363,298,362,73,332,365,367,366,129],"class_list":["post-4711","post","type-post","status-publish","format-standard","has-post-thumbnail","hentry","category-allgemein","category-fotografie","category-hugues-erre","category-kameras","tag-arles","tag-atelier","tag-book","tag-buch","tag-canon-dial-35-2","tag-fotografie","tag-hugues-erre","tag-mittelformat","tag-portrait","tag-selfie","tag-table","tag-tisch","tag-wuppertal"],"_links":{"self":[{"href":"https:\/\/ralfhaun.de\/blog\/wp-json\/wp\/v2\/posts\/4711","targetHints":{"allow":["GET"]}}],"collection":[{"href":"https:\/\/ralfhaun.de\/blog\/wp-json\/wp\/v2\/posts"}],"about":[{"href":"https:\/\/ralfhaun.de\/blog\/wp-json\/wp\/v2\/types\/post"}],"author":[{"embeddable":true,"href":"https:\/\/ralfhaun.de\/blog\/wp-json\/wp\/v2\/users\/2"}],"replies":[{"embeddable":true,"href":"https:\/\/ralfhaun.de\/blog\/wp-json\/wp\/v2\/comments?post=4711"}],"version-history":[{"count":2,"href":"https:\/\/ralfhaun.de\/blog\/wp-json\/wp\/v2\/posts\/4711\/revisions"}],"predecessor-version":[{"id":4718,"href":"https:\/\/ralfhaun.de\/blog\/wp-json\/wp\/v2\/posts\/4711\/revisions\/4718"}],"wp:featuredmedia":[{"embeddable":true,"href":"https:\/\/ralfhaun.de\/blog\/wp-json\/wp\/v2\/media\/4716"}],"wp:attachment":[{"href":"https:\/\/ralfhaun.de\/blog\/wp-json\/wp\/v2\/media?parent=4711"}],"wp:term":[{"taxonomy":"category","embeddable":true,"href":"https:\/\/ralfhaun.de\/blog\/wp-json\/wp\/v2\/categories?post=4711"},{"taxonomy":"post_tag","embeddable":true,"href":"https:\/\/ralfhaun.de\/blog\/wp-json\/wp\/v2\/tags?post=4711"}],"curies":[{"name":"wp","href":"https:\/\/api.w.org\/{rel}","templated":true}]}}