{"id":4830,"date":"2025-11-02T15:09:47","date_gmt":"2025-11-02T14:09:47","guid":{"rendered":"https:\/\/ralfhaun.de\/blog\/?p=4830"},"modified":"2025-11-11T23:16:05","modified_gmt":"2025-11-11T22:16:05","slug":"italien-19972025","status":"publish","type":"post","link":"https:\/\/ralfhaun.de\/blog\/italien-19972025\/","title":{"rendered":"Italien 1997+2025"},"content":{"rendered":"<p>Zwei aktuelle Fotografien aus Imola und Fontanelice in Italien, die f\u00fcr mich eine gro\u00dfe Bedeutung haben. Sie versetzen mich zur\u00fcck ins Jahr 1997, als ich dort zwei Monate lebte und arbeitete. Damals war ich auf der Suche nach einem geeigneten Ort. Einem Ort, der mich f\u00fcr eine gewisse Zeit halten w\u00fcrde. So wie Fej\u00f8 f\u00fcr mich lange Zeit ein solcher Ort gewesen war. Aber ich bin immer zu unruhig und ungeduldig. Als kreativer Mensch ist es von Vorteil so zu sein, denn so bleibe ich wachsam und neugierig. Vielleicht wirke ich daher (manchmal) auf meine Mitmenschen etwas seltsam und unstet. Ich hoffe nicht.<br \/>\n&#8212;<br \/>\nTwo recent photographs from Imola and Fontanelice in Italy, which are very meaningful to me. They take me back to 1997, when I lived and worked there for two months. At that time, I was looking for a suitable place. A place that would keep me there for a while. Just as Fej\u00f8 had been such a place for me for a long time. But I am always too restless and impatient. As a creative person, it is an advantage to be this way, because it keeps me alert and curious. Maybe that&#8217;s why I (sometimes) seem a little strange and restless to those around me. I hope not.<\/p>\n<hr \/>\n<p>Bild 1. zeigt aktuell den Busbahnhof in Imola. 1997 nahm ich nach einer langen Reise aus Deutschland von hier aus den Bus 104 nach Fontanelice. Es war dunkel und regnerisch. Ich f\u00fchlte mich komplett verloren in der Welt und besonders an diesem tristen Busbahnhof Das \u00e4nderte sich schnell, als ich wunderbare Kollegen fand mit denen ich in der damals gro\u00dfen Schreinerei zusammen arbeitete.<br \/>\n&#8212;<br \/>\nPicture 1 shows the current bus station in Imola. In 1997, after a long journey from Germany, I took bus 104 from here to Fontanelice. It was dark and rainy. I felt completely lost in the world, especially at this dreary bus station. That changed quickly when I found wonderful colleagues with whom I worked in what was then a large carpentry workshop.<\/p>\n<p><img loading=\"lazy\" decoding=\"async\" class=\"wp-image-4841 size-full alignnone\" src=\"https:\/\/ralfhaun.de\/blog\/wp-content\/uploads\/2025\/11\/2025-10-29_008.jpg\" alt=\"\" width=\"1200\" height=\"808\" srcset=\"https:\/\/ralfhaun.de\/blog\/wp-content\/uploads\/2025\/11\/2025-10-29_008.jpg 1200w, https:\/\/ralfhaun.de\/blog\/wp-content\/uploads\/2025\/11\/2025-10-29_008-300x202.jpg 300w, https:\/\/ralfhaun.de\/blog\/wp-content\/uploads\/2025\/11\/2025-10-29_008-1024x689.jpg 1024w, https:\/\/ralfhaun.de\/blog\/wp-content\/uploads\/2025\/11\/2025-10-29_008-768x517.jpg 768w\" sizes=\"auto, (max-width: 1200px) 100vw, 1200px\" \/><\/p>\n<p>Bild 2. zeigt Fontanelice, wie es heute ist. Verlassen, trostlos und nun bedeutungslos. Fr\u00fcher gab es hier viele Caf\u00e9s und Gesch\u00e4fte. Jetzt ist alles geschlossen, nur die alte Kirchenuhr tickt noch. Es ist ein bisschen wie auf Lolland in D\u00e4nemark. Die Menschen ziehen in die gro\u00dfen St\u00e4dte. Ich habe es damals genossen, in diesem kleinen Dorf zu leben.<br \/>\n&#8212;<br \/>\nPicture 2 shows Fontanelice as it is today. Abandoned, desolate, and now meaningless. There used to be many caf\u00e9s and shops here. Now everything is closed, only the old church clock still ticks. It&#8217;s a bit like Lolland in Denmark. People are moving to the big cities. I enjoyed living in this little village back then.<\/p>\n<p><img loading=\"lazy\" decoding=\"async\" class=\"wp-image-4842 size-full alignnone\" src=\"https:\/\/ralfhaun.de\/blog\/wp-content\/uploads\/2025\/11\/2025-10-29_017.jpg\" alt=\"\" width=\"1200\" height=\"809\" srcset=\"https:\/\/ralfhaun.de\/blog\/wp-content\/uploads\/2025\/11\/2025-10-29_017.jpg 1200w, https:\/\/ralfhaun.de\/blog\/wp-content\/uploads\/2025\/11\/2025-10-29_017-300x202.jpg 300w, https:\/\/ralfhaun.de\/blog\/wp-content\/uploads\/2025\/11\/2025-10-29_017-1024x690.jpg 1024w, https:\/\/ralfhaun.de\/blog\/wp-content\/uploads\/2025\/11\/2025-10-29_017-768x518.jpg 768w\" sizes=\"auto, (max-width: 1200px) 100vw, 1200px\" \/><\/p>\n","protected":false},"excerpt":{"rendered":"<p>Zwei aktuelle Fotografien aus Imola und Fontanelice in Italien, die f\u00fcr mich eine gro\u00dfe Bedeutung haben. Sie versetzen mich zur\u00fcck ins Jahr 1997, als ich dort zwei Monate lebte und arbeitete. Damals war ich auf der Suche nach einem geeigneten Ort. Einem Ort, der mich f\u00fcr eine gewisse Zeit halten w\u00fcrde. So wie Fej\u00f8 f\u00fcr&hellip;&nbsp;<a href=\"https:\/\/ralfhaun.de\/blog\/italien-19972025\/\" rel=\"bookmark\">Weiterlesen &raquo;<span class=\"screen-reader-text\">Italien 1997+2025<\/span><\/a><\/p>\n","protected":false},"author":2,"featured_media":4845,"comment_status":"open","ping_status":"closed","sticky":false,"template":"","format":"standard","meta":{"neve_meta_sidebar":"","neve_meta_container":"","neve_meta_enable_content_width":"off","neve_meta_content_width":70,"neve_meta_title_alignment":"","neve_meta_author_avatar":"","neve_post_elements_order":"","neve_meta_disable_header":"","neve_meta_disable_footer":"","neve_meta_disable_title":"","footnotes":""},"categories":[1,254,148,287,386],"tags":[392,398,397,400,388,389,288,387,349,399,54,53,289,385],"class_list":["post-4830","post","type-post","status-publish","format-standard","has-post-thumbnail","hentry","category-allgemein","category-daenemark","category-fejo","category-interrail","category-italien","tag-bus-104","tag-busbahnhof","tag-busstop","tag-filmbasiert","tag-fontanelice","tag-imola","tag-interrail","tag-italien","tag-rollei-35te","tag-station","tag-strasse","tag-street","tag-travel","tag-travel-2025"],"_links":{"self":[{"href":"https:\/\/ralfhaun.de\/blog\/wp-json\/wp\/v2\/posts\/4830","targetHints":{"allow":["GET"]}}],"collection":[{"href":"https:\/\/ralfhaun.de\/blog\/wp-json\/wp\/v2\/posts"}],"about":[{"href":"https:\/\/ralfhaun.de\/blog\/wp-json\/wp\/v2\/types\/post"}],"author":[{"embeddable":true,"href":"https:\/\/ralfhaun.de\/blog\/wp-json\/wp\/v2\/users\/2"}],"replies":[{"embeddable":true,"href":"https:\/\/ralfhaun.de\/blog\/wp-json\/wp\/v2\/comments?post=4830"}],"version-history":[{"count":4,"href":"https:\/\/ralfhaun.de\/blog\/wp-json\/wp\/v2\/posts\/4830\/revisions"}],"predecessor-version":[{"id":4844,"href":"https:\/\/ralfhaun.de\/blog\/wp-json\/wp\/v2\/posts\/4830\/revisions\/4844"}],"wp:featuredmedia":[{"embeddable":true,"href":"https:\/\/ralfhaun.de\/blog\/wp-json\/wp\/v2\/media\/4845"}],"wp:attachment":[{"href":"https:\/\/ralfhaun.de\/blog\/wp-json\/wp\/v2\/media?parent=4830"}],"wp:term":[{"taxonomy":"category","embeddable":true,"href":"https:\/\/ralfhaun.de\/blog\/wp-json\/wp\/v2\/categories?post=4830"},{"taxonomy":"post_tag","embeddable":true,"href":"https:\/\/ralfhaun.de\/blog\/wp-json\/wp\/v2\/tags?post=4830"}],"curies":[{"name":"wp","href":"https:\/\/api.w.org\/{rel}","templated":true}]}}